{"id":17172,"date":"2026-03-12T17:35:55","date_gmt":"2026-03-12T16:35:55","guid":{"rendered":"https:\/\/www.luxauto.lu\/blog\/?p=17172"},"modified":"2026-04-15T11:21:09","modified_gmt":"2026-04-15T09:21:09","slug":"car-engine-luxembourg-2026","status":"publish","type":"post","link":"https:\/\/www.luxauto.lu\/blog\/en\/actualites\/motorisation-voiture-luxembourg-2026\/","title":{"rendered":"What type of engine will you be choosing in Luxembourg in 2026?"},"content":{"rendered":"\n<p class=\"has-text-align-left\"><em>\u23f1\ufe0f Temps de lecture : ~ 7 minutes<\/em><\/p>\n\n\n\n<p>Choisir la <strong>motorisation de sa voiture au Luxembourg<\/strong> est devenu plus complexe que jamais. Entre <strong>voiture \u00e9lectrique, hybride, hybride rechargeable (PHEV), essence et diesel<\/strong>, les options se multiplient et r\u00e9pondent \u00e0 des usages tr\u00e8s diff\u00e9rents.<\/p>\n\n\n\n<p>Pour vous aider \u00e0 faire le bon choix, nous avons analys\u00e9 une \u00e9tude publi\u00e9e par l\u2019Automobile Club du Luxembourg (<a href=\"https:\/\/www.acl.lu\/fr\/\">ACL<\/a>) en janvier de cette ann\u00e9e. Celle-ci compare les <strong>mod\u00e8les d\u2019entr\u00e9e de gamme des 15 marques automobiles les plus vendues au Luxembourg en 2024<\/strong>*, toutes motorisations confondues.<\/p>\n\n\n\n<p>Pour chaque cat\u00e9gorie, seul <strong>le prix de base du mod\u00e8le d\u2019entr\u00e9e de gamme (hors options et aides gouvernementales)<\/strong> a \u00e9t\u00e9 retenu.<\/p>\n\n\n\n<p><strong>Les chiffres cl\u00e9s de l\u2019\u00e9tude<\/strong><\/p>\n\n\n\n<ul class=\"wp-block-list\">\n<li><strong>15 marques automobiles analys\u00e9es<\/strong><\/li>\n\n\n\n<li><strong>5 motorisations compar\u00e9es<\/strong><\/li>\n\n\n\n<li><strong>\u2248 19 000 \u20ac<\/strong> : prix m\u00e9dian d\u2019une voiture essence<\/li>\n\n\n\n<li><strong>\u2248 29 000 \u20ac<\/strong> : prix m\u00e9dian d\u2019une voiture \u00e9lectrique<\/li>\n<\/ul>\n\n\n\n<div style=\"height:15px\" aria-hidden=\"true\" class=\"wp-block-spacer\"><\/div>\n\n\n\n<hr class=\"wp-block-separator has-alpha-channel-opacity\"\/>\n\n\n\n<div style=\"height:15px\" aria-hidden=\"true\" class=\"wp-block-spacer\"><\/div>\n\n\n\n<h2 class=\"wp-block-heading\">1. Voiture <a href=\"https:\/\/www.luxauto.lu\/fr\/sale\/voiture?page=1&amp;fuels[0]=electrique\">\u00e9lectrique<\/a> au Luxembourg : une offre d\u00e9sormais accessible<\/h2>\n\n\n\n<p>Premier enseignement de l\u2019\u00e9tude : <strong>toutes les marques du top 15 proposent d\u00e9sormais au moins un mod\u00e8le 100 % \u00e9lectrique<\/strong>. Cela confirme la <strong>maturit\u00e9 croissante du march\u00e9 de la <a href=\"https:\/\/www.luxauto.lu\/fr\/sale\/voiture?fuels[0]=electrique\" target=\"_blank\" rel=\"noopener\">voiture \u00e9lectrique<\/a> au Luxembourg<\/strong>.<\/p>\n\n\n\n<p>Les prix varient fortement selon les segments :<\/p>\n\n\n\n<ul class=\"wp-block-list\">\n<li><strong>moins de 15 000 \u20ac<\/strong> pour une citadine \u00e9lectrique<\/li>\n\n\n\n<li><strong>plus de 80 000 \u20ac<\/strong> pour un <a href=\"https:\/\/www.luxauto.lu\/fr\/sale\/voiture?fuels[0]=electrique&amp;categoryIds=8\" target=\"_blank\" rel=\"noopener\">SUV \u00e9lectrique<\/a> premium<\/li>\n<\/ul>\n\n\n\n<h3 class=\"wp-block-heading\">Autonomie moyenne des voitures \u00e9lectriques<\/h3>\n\n\n\n<p>L\u2019autonomie moyenne des mod\u00e8les d\u2019entr\u00e9e de gamme atteint <strong>environ 408 km WLTP<\/strong>, avec :<\/p>\n\n\n\n<ul class=\"wp-block-list\">\n<li><strong>225 km minimum<\/strong><\/li>\n\n\n\n<li><strong>644 km maximum<\/strong><\/li>\n<\/ul>\n\n\n\n<p>Le <strong>ratio prix \/ autonomie moyen<\/strong> se situe autour de <strong>91 \u20ac\/km<\/strong>, mais certains mod\u00e8les offrent un rapport nettement plus int\u00e9ressant.<\/p>\n\n\n\n<p>\ud83d\udca1 <strong>Bon \u00e0 savoir<\/strong><br>Au Luxembourg, certaines voitures \u00e9lectriques restent <strong>\u00e9ligibles \u00e0 la prime gouvernementale de 6 000 \u20ac<\/strong>. Cette aide peut par exemple faire passer le prix d\u2019une <strong><a href=\"https:\/\/www.luxauto.lu\/fr\/sale\/voiture\/renault\/5?fuels[0]=electrique\" target=\"_blank\" rel=\"noopener\">Renault 5 \u00e9lectrique<\/a> sous les 20 000 \u20ac<\/strong> selon les configurations.<\/p>\n\n\n\n<div style=\"height:15px\" aria-hidden=\"true\" class=\"wp-block-spacer\"><\/div>\n\n\n\n<hr class=\"wp-block-separator has-alpha-channel-opacity\"\/>\n\n\n\n<div style=\"height:15px\" aria-hidden=\"true\" class=\"wp-block-spacer\"><\/div>\n\n\n\n<h2 class=\"wp-block-heading\">Comparatif des voitures \u00e9lectriques d'entr\u00e9e de gamme au Luxembourg<\/h2>\n\n\n\n<p>Prix indicatifs hors options et aides d\u2019\u00c9tat \u2013 Source <a href=\"https:\/\/www.acl.lu\/fr\/\" target=\"_blank\" rel=\"noopener\">ACL<\/a> (donn\u00e9es nov.\u2013d\u00e9c. 2025).<\/p>\n\n\n\n<figure class=\"wp-block-table\"><table class=\"has-fixed-layout\"><thead><tr><th>Marque<\/th><th>Mod\u00e8le<\/th><th>Prix de d\u00e9part<\/th><th>Autonomie WLTP<\/th><th>\u20ac\/km<\/th><\/tr><\/thead><tbody><tr><td><a href=\"https:\/\/www.luxauto.lu\/fr\/sale\/voiture\/dacia?fuels[0]=electrique\">Dacia<\/a><\/td><td><a href=\"https:\/\/www.luxauto.lu\/fr\/sale\/voiture\/dacia?fuels[0]=electrique\">Spring<\/a><\/td><td>14 494 \u20ac<\/td><td>225 km<\/td><td>64 \u20ac<\/td><\/tr><tr><td><a href=\"https:\/\/www.luxauto.lu\/fr\/sale\/voiture\/hyundai?fuels[0]=electrique\">Hyundai<\/a><\/td><td>INSTER<\/td><td>21 997 \u20ac<\/td><td>327 km<\/td><td>67 \u20ac<\/td><\/tr><tr><td><a href=\"https:\/\/www.luxauto.lu\/fr\/sale\/voiture\/renault?fuels[0]=electrique\">Renault<\/a><\/td><td><a href=\"https:\/\/www.luxauto.lu\/fr\/sale\/voiture\/renault\/r5+5?fuels[0]=electrique\">Renault 5<\/a><\/td><td>24 077 \u20ac<\/td><td>312 km<\/td><td>77 \u20ac<\/td><\/tr><tr><td><a href=\"https:\/\/www.luxauto.lu\/fr\/sale\/voiture\/ford?fuels[0]=electrique\">Ford<\/a><\/td><td><a href=\"https:\/\/www.luxauto.lu\/fr\/sale\/voiture\/ford\/puma?fuels[0]=electrique\">Puma Gen-E<\/a><\/td><td>24 659 \u20ac<\/td><td>376 km<\/td><td>66 \u20ac<\/td><\/tr><tr><td><a href=\"https:\/\/www.luxauto.lu\/fr\/sale\/voiture\/peugeot?fuels[0]=electrique\">Peugeot<\/a><\/td><td><a href=\"https:\/\/www.luxauto.lu\/fr\/sale\/voiture\/peugeot\/208?fuels[0]=electrique\">e-208<\/a><\/td><td>28 935 \u20ac<\/td><td>363 km<\/td><td>80 \u20ac<\/td><\/tr><tr><td><a href=\"https:\/\/www.luxauto.lu\/fr\/sale\/voiture\/toyota?fuels[0]=electrique\">Toyota<\/a><\/td><td>Urban Cruiser<\/td><td>34 804 \u20ac<\/td><td>344 km<\/td><td>101 \u20ac<\/td><\/tr><tr><td><a href=\"https:\/\/www.luxauto.lu\/fr\/sale\/voiture\/vw?fuels[0]=electrique\">Volkswagen<\/a><\/td><td><a href=\"https:\/\/www.luxauto.lu\/fr\/sale\/voiture\/vw\/id3?fuels[0]=electrique\">ID.3<\/a><\/td><td>35 670 \u20ac<\/td><td>388 km<\/td><td>92 \u20ac<\/td><\/tr><tr><td><a href=\"https:\/\/www.luxauto.lu\/fr\/sale\/voiture\/volvo?fuels[0]=electrique\">Volvo<\/a><\/td><td><a href=\"https:\/\/www.luxauto.lu\/fr\/sale\/voiture\/volvo\/ex30?fuels[0]=electrique\">EX30<\/a><\/td><td>36 040 \u20ac<\/td><td>335 km<\/td><td>108 \u20ac<\/td><\/tr><tr><td><a href=\"https:\/\/www.luxauto.lu\/fr\/sale\/voiture\/kia?fuels[0]=electrique\">Kia<\/a><\/td><td><a href=\"https:\/\/www.luxauto.lu\/fr\/sale\/voiture\/kia\/ev3?fuels[0]=electrique\">EV3<\/a><\/td><td>36 347 \u20ac<\/td><td>436 km<\/td><td>83 \u20ac<\/td><\/tr><tr><td><a href=\"https:\/\/www.luxauto.lu\/fr\/sale\/voiture\/tesla?fuels[0]=electrique\">Tesla<\/a><\/td><td><a href=\"https:\/\/www.luxauto.lu\/fr\/sale\/voiture\/tesla\/model-y?fuels[0]=electrique\">Model Y<\/a><\/td><td>39 990 \u20ac<\/td><td>534 km<\/td><td>75 \u20ac<\/td><\/tr><tr><td><a href=\"https:\/\/www.luxauto.lu\/fr\/sale\/voiture\/mercedes?fuels[0]=electrique\">Mercedes<\/a><\/td><td>CLA<\/td><td>47 970 \u20ac<\/td><td>530 km<\/td><td>91 \u20ac<\/td><\/tr><tr><td><a href=\"https:\/\/www.luxauto.lu\/fr\/sale\/voiture\/bmw?page=1&amp;fuels[0]=electrique\">BMW<\/a><\/td><td><a href=\"https:\/\/www.luxauto.lu\/fr\/sale\/voiture\/bmw\/ix2?page=1&amp;fuels[0]=electrique\">iX2<\/a><\/td><td>50 716 \u20ac<\/td><td>459 km<\/td><td>110 \u20ac<\/td><\/tr><tr><td><a href=\"https:\/\/www.luxauto.lu\/fr\/sale\/voiture\/audi?page=1&amp;fuels[0]=electrique\">Audi<\/a><\/td><td><a href=\"https:\/\/www.luxauto.lu\/fr\/sale\/voiture\/audi\/q4-e-tron?page=1&amp;fuels[0]=electrique\">Q4 e-tron<\/a><\/td><td>52 430 \u20ac<\/td><td>411 km<\/td><td>128 \u20ac<\/td><\/tr><tr><td><a href=\"https:\/\/www.luxauto.lu\/fr\/sale\/voiture\/skoda?page=1&amp;fuels[0]=electrique\">Skoda<\/a><\/td><td><a href=\"https:\/\/www.luxauto.lu\/fr\/sale\/voiture\/skoda\/elroq?page=1&amp;fuels[0]=electrique\">Elroq 60<\/a><\/td><td>38 490 \u20ac<\/td><td>430 km<\/td><td>90 \u20ac<\/td><\/tr><tr><td><a href=\"https:\/\/www.luxauto.lu\/fr\/sale\/voiture\/porsche?page=1&amp;fuels[0]=electrique\">Porsche<\/a><\/td><td><a href=\"https:\/\/www.luxauto.lu\/fr\/sale\/voiture\/porsche\/macan?page=1&amp;fuels[0]=electrique\">Macan<\/a><\/td><td>80 067 \u20ac<\/td><td>644 km<\/td><td>124 \u20ac<\/td><\/tr><\/tbody><\/table><\/figure>\n\n\n\n<div style=\"height:15px\" aria-hidden=\"true\" class=\"wp-block-spacer\"><\/div>\n\n\n\n<hr class=\"wp-block-separator has-alpha-channel-opacity\"\/>\n\n\n\n<div style=\"height:15px\" aria-hidden=\"true\" class=\"wp-block-spacer\"><\/div>\n\n\n\n<h2 class=\"wp-block-heading\">2. <a href=\"https:\/\/www.luxauto.lu\/fr\/sale\/voiture?page=1&amp;fuels[0]=hybride\">Hybride<\/a> non rechargeable (HEV) : une transition vers l\u2019\u00e9lectrique<\/h2>\n\n\n\n<p>La <strong>voiture hybride HEV<\/strong> combine un moteur thermique et un moteur \u00e9lectrique qui se recharge automatiquement lors du freinage et des d\u00e9c\u00e9l\u00e9rations.<\/p>\n\n\n\n<p>Cette technologie est particuli\u00e8rement adapt\u00e9e :<\/p>\n\n\n\n<ul class=\"wp-block-list\">\n<li>\u00e0 la <strong>conduite en ville<\/strong><\/li>\n\n\n\n<li>aux <strong>trajets p\u00e9ri-urbains<\/strong><\/li>\n\n\n\n<li>aux conducteurs ne souhaitant pas recharger leur v\u00e9hicule<\/li>\n<\/ul>\n\n\n\n<p>Dans ce comparatif, <strong>six marques seulement proposent un mod\u00e8le HEV d\u2019entr\u00e9e de gamme<\/strong>.<\/p>\n\n\n\n<h3 class=\"wp-block-heading\">Prix des voitures hybrides HEV<\/h3>\n\n\n\n<ul class=\"wp-block-list\">\n<li><strong>Prix minimum : ~22 000 \u20ac<\/strong><\/li>\n\n\n\n<li><strong>Prix maximum : ~34 000 \u20ac<\/strong><\/li>\n\n\n\n<li><strong>Prix m\u00e9dian : ~23 800 \u20ac<\/strong><\/li>\n<\/ul>\n\n\n\n<p>\u26a0\ufe0f <strong>Point d\u2019attention<\/strong><br>L\u2019entretien d\u2019une voiture hybride peut s'av\u00e9rer<strong> plus co\u00fbteux<\/strong> qu\u2019un moteur essence ou que l'\u00e9lectrique, en raison de la <strong>double technologie<\/strong>.<\/p>\n\n\n\n<div style=\"height:15px\" aria-hidden=\"true\" class=\"wp-block-spacer\"><\/div>\n\n\n\n<hr class=\"wp-block-separator has-alpha-channel-opacity\"\/>\n\n\n\n<div style=\"height:15px\" aria-hidden=\"true\" class=\"wp-block-spacer\"><\/div>\n\n\n\n<h3 class=\"wp-block-heading\">Mod\u00e8les hybrides HEV d'entr\u00e9e de gamme<\/h3>\n\n\n\n<figure class=\"wp-block-table\"><table class=\"has-fixed-layout\"><thead><tr><th>Marque<\/th><th>Mod\u00e8le<\/th><th>Prix de d\u00e9part<\/th><\/tr><\/thead><tbody><tr><td><a href=\"https:\/\/www.luxauto.lu\/fr\/sale\/voiture\/toyota?page=1&amp;fuels[0]=hybride\">Toyota<\/a><\/td><td>Aygo X HEV<\/td><td>21 960 \u20ac<\/td><\/tr><tr><td><a href=\"https:\/\/www.luxauto.lu\/fr\/sale\/voiture\/renault?page=1&amp;fuels[0]=hybride\">Renault<\/a><\/td><td><a href=\"https:\/\/www.luxauto.lu\/fr\/sale\/voiture\/renault\/clio?page=1&amp;fuels[0]=hybride\">Clio HEV<\/a><\/td><td>22 046 \u20ac<\/td><\/tr><tr><td><a href=\"https:\/\/www.luxauto.lu\/fr\/sale\/voiture\/peugeot?page=1&amp;fuels[0]=hybride\">Peugeot<\/a><\/td><td><a href=\"https:\/\/www.luxauto.lu\/fr\/sale\/voiture\/peugeot\/208?page=1&amp;fuels[0]=hybride\">208 HEV<\/a><\/td><td>22 291 \u20ac<\/td><\/tr><tr><td><a href=\"https:\/\/www.luxauto.lu\/fr\/sale\/voiture\/dacia?page=1&amp;fuels[0]=hybride\">Dacia<\/a><\/td><td><a href=\"https:\/\/www.luxauto.lu\/fr\/sale\/voiture\/dacia\/duster?page=1&amp;fuels[0]=hybride\">Duster Hybrid<\/a> 155<\/td><td>25 324 \u20ac<\/td><\/tr><tr><td><a href=\"https:\/\/www.luxauto.lu\/fr\/sale\/voiture\/hyundai?page=1&amp;fuels[0]=hybride\">Hyundai<\/a><\/td><td><a href=\"https:\/\/www.luxauto.lu\/fr\/sale\/voiture\/hyundai\/kona?page=1&amp;fuels[0]=hybride\">Kona Hybrid<\/a><\/td><td>31 570 \u20ac<\/td><\/tr><tr><td><a href=\"https:\/\/www.luxauto.lu\/fr\/sale\/voiture\/kia?page=1&amp;fuels[0]=hybride\">Kia<\/a><\/td><td><a href=\"https:\/\/www.luxauto.lu\/fr\/sale\/voiture\/kia\/niro?page=1&amp;fuels[0]=hybride\">Niro<\/a><\/td><td>33 833 \u20ac<\/td><\/tr><\/tbody><\/table><\/figure>\n\n\n\n<div style=\"height:15px\" aria-hidden=\"true\" class=\"wp-block-spacer\"><\/div>\n\n\n\n<hr class=\"wp-block-separator has-alpha-channel-opacity\"\/>\n\n\n\n<div style=\"height:15px\" aria-hidden=\"true\" class=\"wp-block-spacer\"><\/div>\n\n\n\n<h2 class=\"wp-block-heading\">3. <a href=\"https:\/\/www.luxauto.lu\/fr\/sale\/voiture?page=1&amp;fuels[0]=hybride\" target=\"_blank\" rel=\"noreferrer noopener\">Hybride<\/a> rechargeable (PHEV) : polyvalence maximale<\/h2>\n\n\n\n<p>La <strong>voiture hybride rechargeable (PHEV)<\/strong> permet de rouler :<\/p>\n\n\n\n<ul class=\"wp-block-list\">\n<li><strong>en mode \u00e9lectrique sur 40 \u00e0 80 km<\/strong><\/li>\n\n\n\n<li>avec un <strong>moteur thermique pour les longs trajets<\/strong><\/li>\n<\/ul>\n\n\n\n<p>Cette solution est id\u00e9ale pour :<\/p>\n\n\n\n<ul class=\"wp-block-list\">\n<li>les <strong>trajets domicile-travail courts<\/strong><\/li>\n\n\n\n<li>les <strong>week-ends ou longs d\u00e9placements<\/strong><\/li>\n<\/ul>\n\n\n\n<h3 class=\"wp-block-heading\">Prix des hybrides rechargeables au Luxembourg<\/h3>\n\n\n\n<ul class=\"wp-block-list\">\n<li><strong>Prix m\u00e9dian : ~48 435 \u20ac<\/strong><\/li>\n\n\n\n<li><strong>Entr\u00e9e de gamme : ~36 000 \u20ac<\/strong><\/li>\n<\/ul>\n\n\n\n<p>Dans l\u2019\u00e9tude, <strong>13 marques sur 15 proposent un mod\u00e8le PHEV<\/strong>.<\/p>\n\n\n\n<p>Seules <strong>Tesla et Dacia ne commercialisent pas de mod\u00e8les hybrides rechargeables<\/strong>.<\/p>\n\n\n\n<div style=\"height:15px\" aria-hidden=\"true\" class=\"wp-block-spacer\"><\/div>\n\n\n\n<hr class=\"wp-block-separator has-alpha-channel-opacity\"\/>\n\n\n\n<div style=\"height:15px\" aria-hidden=\"true\" class=\"wp-block-spacer\"><\/div>\n\n\n\n<h3 class=\"wp-block-heading\">Comparatif des PHEV au Luxembourg<\/h3>\n\n\n\n<figure class=\"wp-block-table\"><table class=\"has-fixed-layout\"><thead><tr><th>Marque<\/th><th>Mod\u00e8le<\/th><th>Prix de d\u00e9part<\/th><\/tr><\/thead><tbody><tr><td><a href=\"https:\/\/www.luxauto.lu\/fr\/sale\/voiture\/peugeot?page=1&amp;fuels[0]=hybride\">Peugeot<\/a><\/td><td><a href=\"https:\/\/www.luxauto.lu\/fr\/sale\/voiture\/peugeot\/308?page=1&amp;fuels[0]=hybride\">308 PHEV<\/a><\/td><td>36 040 \u20ac<\/td><\/tr><tr><td><a href=\"https:\/\/www.luxauto.lu\/fr\/sale\/voiture\/ford?page=1&amp;fuels[0]=hybride\">Ford<\/a><\/td><td><a href=\"https:\/\/www.luxauto.lu\/fr\/sale\/voiture\/ford\/kuga?page=1&amp;fuels[0]=hybride\">Kuga PHEV<\/a><\/td><td>38 705 \u20ac<\/td><\/tr><tr><td><a href=\"https:\/\/www.luxauto.lu\/fr\/sale\/voiture\/audi?page=1&amp;fuels[0]=hybride\">Audi<\/a><\/td><td><a href=\"https:\/\/www.luxauto.lu\/fr\/sale\/voiture\/audi\/a3?page=1&amp;fuels[0]=hybride\">A3<\/a> Sportback TFSI e<\/td><td>46 500 \u20ac<\/td><\/tr><tr><td><a href=\"https:\/\/www.luxauto.lu\/fr\/sale\/voiture\/kia?page=1&amp;fuels[0]=hybride\">Kia<\/a><\/td><td><a href=\"https:\/\/www.luxauto.lu\/fr\/sale\/voiture\/kia\/sportage?page=1&amp;fuels[0]=hybride\">Sportage PHEV<\/a><\/td><td>46 404 \u20ac<\/td><\/tr><tr><td><a href=\"https:\/\/www.luxauto.lu\/fr\/sale\/voiture\/mercedes?page=1&amp;fuels[0]=hybride\">Mercedes<\/a><\/td><td><a href=\"https:\/\/www.luxauto.lu\/fr\/sale\/voiture\/mercedes\/a-150+a-160+a-180+a-200+a-220+a-250+a-35-amg+classe-a+a-45-amg?page=1&amp;fuels[0]=hybride\">Classe A PHEV<\/a><\/td><td>48 789 \u20ac<\/td><\/tr><tr><td><a href=\"https:\/\/www.luxauto.lu\/fr\/sale\/voiture\/hyundai?page=1&amp;fuels[0]=hybride\">Hyundai<\/a><\/td><td><a href=\"https:\/\/www.luxauto.lu\/fr\/sale\/voiture\/hyundai\/tucson?page=1&amp;fuels[0]=hybride\">Tucson PHEV<\/a><\/td><td>48 346 \u20ac<\/td><\/tr><tr><td><a href=\"https:\/\/www.luxauto.lu\/fr\/sale\/voiture\/toyota?page=1&amp;fuels[0]=hybride\">Toyota<\/a><\/td><td><a href=\"https:\/\/www.luxauto.lu\/fr\/sale\/voiture\/toyota\/prius?page=1&amp;fuels[0]=hybride\">Prius PHEV<\/a><\/td><td>48 435 \u20ac<\/td><\/tr><tr><td><a href=\"https:\/\/www.luxauto.lu\/fr\/sale\/voiture\/vw?page=1&amp;fuels[0]=hybride\">Volkswagen<\/a><\/td><td><a href=\"https:\/\/www.luxauto.lu\/fr\/sale\/voiture\/vw\/golf?page=1&amp;fuels[0]=hybride\">Golf<\/a> eHybrid<\/td><td>43 340 \u20ac<\/td><\/tr><tr><td><a href=\"https:\/\/www.luxauto.lu\/fr\/sale\/voiture\/bmw?page=1&amp;fuels[0]=hybride\">BMW<\/a><\/td><td>S\u00e9rie 2 PHEV<\/td><td>49 991 \u20ac<\/td><\/tr><tr><td><a href=\"https:\/\/www.luxauto.lu\/fr\/sale\/voiture\/skoda?page=1&amp;fuels[0]=hybride\">Skoda<\/a><\/td><td><a href=\"https:\/\/www.luxauto.lu\/fr\/sale\/voiture\/skoda\/superb?page=1&amp;fuels[0]=hybride\">Superb<\/a> Combi PHEV<\/td><td>49 490 \u20ac<\/td><\/tr><tr><td><a href=\"https:\/\/www.luxauto.lu\/fr\/sale\/voiture\/renault?page=1&amp;fuels[0]=hybride\">Renault<\/a><\/td><td><a href=\"https:\/\/www.luxauto.lu\/fr\/sale\/voiture\/renault\/rafale?page=1&amp;fuels[0]=hybride\">Rafale PHEV<\/a><\/td><td>50 958 \u20ac<\/td><\/tr><tr><td><a href=\"https:\/\/www.luxauto.lu\/fr\/sale\/voiture\/volvo?page=1&amp;fuels[0]=hybride\">Volvo<\/a><\/td><td><a href=\"https:\/\/www.luxauto.lu\/fr\/sale\/voiture\/volvo\/v60?page=1&amp;fuels[0]=hybride\">V60 PHEV<\/a><\/td><td>59 170 \u20ac<\/td><\/tr><tr><td><a href=\"https:\/\/www.luxauto.lu\/fr\/sale\/voiture\/porsche?page=1&amp;fuels[0]=hybride\">Porsche<\/a><\/td><td><a href=\"https:\/\/www.luxauto.lu\/fr\/sale\/voiture\/porsche\/cayenne?page=1&amp;fuels[0]=hybride\">Cayenne e-Hybrid<\/a><\/td><td>112 967 \u20ac<\/td><\/tr><\/tbody><\/table><\/figure>\n\n\n\n<div style=\"height:15px\" aria-hidden=\"true\" class=\"wp-block-spacer\"><\/div>\n\n\n\n<hr class=\"wp-block-separator has-alpha-channel-opacity\"\/>\n\n\n\n<div style=\"height:15px\" aria-hidden=\"true\" class=\"wp-block-spacer\"><\/div>\n\n\n\n<h2 class=\"wp-block-heading\">4. Voiture <a href=\"https:\/\/www.luxauto.lu\/fr\/sale\/voiture?page=1&amp;fuels[0]=essence\" target=\"_blank\" rel=\"noreferrer noopener\">essence<\/a> : toujours la motorisation la plus abordable<\/h2>\n\n\n\n<p>En 2026, <strong>la voiture essence reste la motorisation la moins ch\u00e8re \u00e0 l\u2019achat au Luxembourg<\/strong>.<\/p>\n\n\n\n<h3 class=\"wp-block-heading\">Prix moyen des voitures essence<\/h3>\n\n\n\n<ul class=\"wp-block-list\">\n<li><strong>Prix m\u00e9dian : ~19 790 \u20ac<\/strong><\/li>\n\n\n\n<li><strong>plus de 10 000 \u20ac moins cher que l\u2019\u00e9lectrique<\/strong><\/li>\n<\/ul>\n\n\n\n<p>Seules deux marques du top 15 ont abandonn\u00e9 cette motorisation :<\/p>\n\n\n\n<ul class=\"wp-block-list\">\n<li><strong><a href=\"https:\/\/www.luxauto.lu\/fr\/sale\/voiture\/tesla\" target=\"_blank\" rel=\"noopener\">Tesla<\/a><\/strong><\/li>\n\n\n\n<li><strong><a href=\"https:\/\/www.luxauto.lu\/fr\/sale\/voiture\/volvo\" target=\"_blank\" rel=\"noopener\">Volvo<\/a><\/strong><\/li>\n<\/ul>\n\n\n\n<p>Les citadines essence restent populaires pour :<\/p>\n\n\n\n<ul class=\"wp-block-list\">\n<li>leur <strong>prix accessible<\/strong><\/li>\n\n\n\n<li>leurs <strong>co\u00fbts d\u2019entretien r\u00e9duits<\/strong><\/li>\n\n\n\n<li>leur <strong>simplicit\u00e9 d\u2019utilisation<\/strong><\/li>\n<\/ul>\n\n\n\n<div style=\"height:15px\" aria-hidden=\"true\" class=\"wp-block-spacer\"><\/div>\n\n\n\n<hr class=\"wp-block-separator has-alpha-channel-opacity\"\/>\n\n\n\n<div style=\"height:15px\" aria-hidden=\"true\" class=\"wp-block-spacer\"><\/div>\n\n\n\n<h3 class=\"wp-block-heading\">Mod\u00e8les essence d'entr\u00e9e de gamme<\/h3>\n\n\n\n<figure class=\"wp-block-table\"><table class=\"has-fixed-layout\"><thead><tr><th>Marque<\/th><th>Mod\u00e8le<\/th><th>Prix de d\u00e9part<\/th><\/tr><\/thead><tbody><tr><td><a href=\"https:\/\/www.luxauto.lu\/fr\/sale\/voiture\/dacia?page=1&amp;fuels[0]=essence\">Dacia<\/a><\/td><td><a href=\"https:\/\/www.luxauto.lu\/fr\/sale\/voiture\/dacia\/sandero?page=1&amp;fuels[0]=essence\">Sandero<\/a><\/td><td>13 431 \u20ac<\/td><\/tr><tr><td><a href=\"https:\/\/www.luxauto.lu\/fr\/sale\/voiture\/toyota?page=1&amp;fuels[0]=essence\">Toyota<\/a><\/td><td><a href=\"https:\/\/www.luxauto.lu\/fr\/sale\/voiture\/toyota\/aygo-x?page=1&amp;fuels[0]=essence\">Aygo X<\/a><\/td><td>15 990 \u20ac<\/td><\/tr><tr><td><a href=\"https:\/\/www.luxauto.lu\/fr\/sale\/voiture\/renault?page=1&amp;fuels[0]=essence\">Renault<\/a><\/td><td><a href=\"https:\/\/www.luxauto.lu\/fr\/sale\/voiture\/renault\/clio?page=1&amp;fuels[0]=essence\">Clio<\/a> SCe 65<\/td><td>16 690 \u20ac<\/td><\/tr><tr><td><a href=\"https:\/\/www.luxauto.lu\/fr\/sale\/voiture\/kia?page=1&amp;fuels[0]=essence\">Kia<\/a><\/td><td><a href=\"https:\/\/www.luxauto.lu\/fr\/sale\/voiture\/kia\/picanto?page=1&amp;fuels[0]=essence\">Picanto<\/a><\/td><td>16 912 \u20ac<\/td><\/tr><tr><td><a href=\"https:\/\/www.luxauto.lu\/fr\/sale\/voiture\/hyundai?page=1&amp;fuels[0]=essence\">Hyundai<\/a><\/td><td><a href=\"https:\/\/www.luxauto.lu\/fr\/sale\/voiture\/hyundai\/i10?page=1&amp;fuels[0]=essence\">i10<\/a><\/td><td>17 356 \u20ac<\/td><\/tr><tr><td><a href=\"https:\/\/www.luxauto.lu\/fr\/sale\/voiture\/peugeot?page=1&amp;fuels[0]=essence\">Peugeot<\/a><\/td><td><a href=\"https:\/\/www.luxauto.lu\/fr\/sale\/voiture\/peugeot\/208?page=1&amp;fuels[0]=essence\">208<\/a><\/td><td>18 617 \u20ac<\/td><\/tr><tr><td><a href=\"https:\/\/www.luxauto.lu\/fr\/sale\/voiture\/skoda?page=1&amp;fuels[0]=essence\">Skoda<\/a><\/td><td><a href=\"https:\/\/www.luxauto.lu\/fr\/sale\/voiture\/skoda\/fabia?page=1&amp;fuels[0]=essence\">Fabia<\/a><\/td><td>19 790 \u20ac<\/td><\/tr><tr><td><a href=\"https:\/\/www.luxauto.lu\/fr\/sale\/voiture\/ford?page=1&amp;fuels[0]=essence\">Ford<\/a><\/td><td><a href=\"https:\/\/www.luxauto.lu\/fr\/sale\/voiture\/ford\/tourneo?page=1&amp;fuels[0]=essence\">Tourneo<\/a> Courier<\/td><td>20 950 \u20ac<\/td><\/tr><tr><td><a href=\"https:\/\/www.luxauto.lu\/fr\/sale\/voiture\/vw?page=1&amp;fuels[0]=essence\">Volkswagen<\/a><\/td><td><a href=\"https:\/\/www.luxauto.lu\/fr\/sale\/voiture\/vw\/polo?page=1&amp;fuels[0]=essence\">Polo<\/a><\/td><td>23 150 \u20ac<\/td><\/tr><tr><td><a href=\"https:\/\/www.luxauto.lu\/fr\/sale\/voiture\/audi?page=1&amp;fuels[0]=essence\">Audi<\/a><\/td><td><a href=\"https:\/\/www.luxauto.lu\/fr\/sale\/voiture\/audi\/a1?page=1&amp;fuels[0]=essence\">A1<\/a> Sportback<\/td><td>26 170 \u20ac<\/td><\/tr><tr><td><a href=\"https:\/\/www.luxauto.lu\/fr\/sale\/voiture\/mercedes?page=1&amp;fuels[0]=essence\">Mercedes<\/a><\/td><td><a href=\"https:\/\/www.luxauto.lu\/fr\/sale\/voiture\/mercedes\/a-150+a-160+a-180+a-200+a-220+a-250+a-35-amg+classe-a+a-45-amg?page=1&amp;fuels[0]=essence\">Classe A<\/a><\/td><td>34 749 \u20ac<\/td><\/tr><tr><td><a href=\"https:\/\/www.luxauto.lu\/fr\/sale\/voiture\/bmw?page=1&amp;fuels[0]=essence\">BMW<\/a><\/td><td><a href=\"https:\/\/www.luxauto.lu\/fr\/sale\/voiture\/bmw\/114+116+118+120+128+135+1m-coupe+m135+m140+serie-1?page=1&amp;fuels[0]=essence\">S\u00e9rie 1<\/a><\/td><td>36 357 \u20ac<\/td><\/tr><tr><td><a href=\"https:\/\/www.luxauto.lu\/fr\/sale\/voiture\/porsche?page=1&amp;fuels[0]=essence\">Porsche<\/a><\/td><td><a href=\"https:\/\/www.luxauto.lu\/fr\/sale\/voiture\/porsche\/cayenne?page=1&amp;fuels[0]=essence\">Cayenne<\/a><\/td><td>99 812 \u20ac<\/td><\/tr><\/tbody><\/table><\/figure>\n\n\n\n<div style=\"height:15px\" aria-hidden=\"true\" class=\"wp-block-spacer\"><\/div>\n\n\n\n<hr class=\"wp-block-separator has-alpha-channel-opacity\"\/>\n\n\n\n<div style=\"height:15px\" aria-hidden=\"true\" class=\"wp-block-spacer\"><\/div>\n\n\n\n<h2 class=\"wp-block-heading\">5. <a href=\"https:\/\/www.luxauto.lu\/fr\/sale\/voiture?page=1&amp;fuels[0]=diesel\">Diesel<\/a> au Luxembourg : une motorisation pour les gros rouleurs<\/h2>\n\n\n\n<p>Le <strong>diesel continue de reculer<\/strong> sur le march\u00e9 automobile luxembourgeois.<\/p>\n\n\n\n<p>Dans ce comparatif :<\/p>\n\n\n\n<ul class=\"wp-block-list\">\n<li><strong>7 marques seulement proposent encore un diesel d\u2019entr\u00e9e de gamme<\/strong><\/li>\n\n\n\n<li>\u00c9cart m\u00e9dian de 17 000 \u20ac entre essence et diesel<\/li>\n\n\n\n<li><strong>prix m\u00e9dian : ~36 840 \u20ac<\/strong><\/li>\n<\/ul>\n\n\n\n<p>Cela s\u2019explique par le fait que les mod\u00e8les diesel sont aujourd\u2019hui majoritairement :<\/p>\n\n\n\n<ul class=\"wp-block-list\">\n<li>des <strong><a href=\"https:\/\/www.luxauto.lu\/fr\/sale\/voiture?page=1&amp;categoryIds=8\" target=\"_blank\" rel=\"noopener\">SUV<\/a><\/strong><\/li>\n\n\n\n<li>des <strong>berlines familiales<\/strong><\/li>\n\n\n\n<li>des <strong><a href=\"https:\/\/www.luxauto.lu\/fr\/sale\/van\" target=\"_blank\" rel=\"noopener\">utilitaires<\/a><\/strong><\/li>\n<\/ul>\n\n\n\n<p>Malgr\u00e9 ce recul, le diesel reste int\u00e9ressant pour :<\/p>\n\n\n\n<ul class=\"wp-block-list\">\n<li>les <strong>gros rouleurs<\/strong><\/li>\n\n\n\n<li>les <strong>trajets autoroutiers fr\u00e9quents<\/strong><\/li>\n\n\n\n<li>ceux qui recherchent <strong>une grande autonomie<\/strong><\/li>\n<\/ul>\n\n\n\n<div style=\"height:15px\" aria-hidden=\"true\" class=\"wp-block-spacer\"><\/div>\n\n\n\n<hr class=\"wp-block-separator has-alpha-channel-opacity\"\/>\n\n\n\n<div style=\"height:15px\" aria-hidden=\"true\" class=\"wp-block-spacer\"><\/div>\n\n\n\n<h3 class=\"wp-block-heading\">Mod\u00e8les diesel disponibles<\/h3>\n\n\n\n<figure class=\"wp-block-table\"><table class=\"has-fixed-layout\"><thead><tr><th>Marque<\/th><th>Mod\u00e8le<\/th><th>Prix de d\u00e9part<\/th><\/tr><\/thead><tbody><tr><td><a href=\"https:\/\/www.luxauto.lu\/fr\/sale\/voiture\/renault?page=1&amp;fuels[0]=diesel\">Renault<\/a><\/td><td><a href=\"https:\/\/www.luxauto.lu\/fr\/sale\/voiture\/renault\/kangoo?page=1&amp;fuels[0]=diesel\">Kangoo diesel<\/a><\/td><td>26 736 \u20ac<\/td><\/tr><tr><td><a href=\"https:\/\/www.luxauto.lu\/fr\/sale\/voiture\/audi?page=1&amp;fuels[0]=diesel\">Audi<\/a><\/td><td><a href=\"https:\/\/www.luxauto.lu\/fr\/sale\/voiture\/audi\/a3?page=1&amp;fuels[0]=diesel\">A3<\/a> Sportback TDI<\/td><td>31 350 \u20ac<\/td><\/tr><tr><td><a href=\"https:\/\/www.luxauto.lu\/fr\/sale\/voiture\/vw?page=1&amp;fuels[0]=diesel\">Volkswagen<\/a><\/td><td><a href=\"https:\/\/www.luxauto.lu\/fr\/sale\/voiture\/vw\/golf?page=1&amp;fuels[0]=diesel\">Golf TDI<\/a><\/td><td>32 489 \u20ac<\/td><\/tr><tr><td><a href=\"https:\/\/www.luxauto.lu\/fr\/sale\/voiture\/bmw?page=1&amp;fuels[0]=diesel\">BMW<\/a><\/td><td><a href=\"https:\/\/www.luxauto.lu\/fr\/sale\/voiture\/bmw\/114+116+118+120+128+135+1m-coupe+m135+m140+serie-1?page=1&amp;fuels[0]=diesel\">S\u00e9rie 1 diesel<\/a><\/td><td>36 840 \u20ac<\/td><\/tr><tr><td><a href=\"https:\/\/www.luxauto.lu\/fr\/sale\/voiture\/skoda?page=1&amp;fuels[0]=diesel\">Skoda<\/a><\/td><td><a href=\"https:\/\/www.luxauto.lu\/fr\/sale\/voiture\/skoda\/karoq?page=1&amp;fuels[0]=diesel\">Karoq diesel<\/a><\/td><td>38 490 \u20ac<\/td><\/tr><tr><td><a href=\"https:\/\/www.luxauto.lu\/fr\/sale\/voiture\/mercedes?page=1&amp;fuels[0]=diesel\">Mercedes<\/a><\/td><td><a href=\"https:\/\/www.luxauto.lu\/fr\/sale\/voiture\/mercedes\/a+a-150+a-160+a-180+a-200+a-220+a-250+a-35-amg+a-45-amg+classe-a?page=1&amp;fuels[0]=diesel\">Classe A diesel<\/a><\/td><td>38 844 \u20ac<\/td><\/tr><tr><td><a href=\"https:\/\/www.luxauto.lu\/fr\/sale\/voiture\/toyota?page=1&amp;fuels[0]=diesel\">Toyota<\/a><\/td><td><a href=\"https:\/\/www.luxauto.lu\/fr\/sale\/voiture\/toyota\/hilux?page=1&amp;fuels[0]=diesel\">Hilux<\/a><\/td><td>51 417 \u20ac<\/td><\/tr><\/tbody><\/table><\/figure>\n\n\n\n<div style=\"height:15px\" aria-hidden=\"true\" class=\"wp-block-spacer\"><\/div>\n\n\n\n<hr class=\"wp-block-separator has-alpha-channel-opacity\"\/>\n\n\n\n<div style=\"height:15px\" aria-hidden=\"true\" class=\"wp-block-spacer\"><\/div>\n\n\n\n<h2 class=\"wp-block-heading\">Quelle motorisation choisir au Luxembourg en 2026 ?<\/h2>\n\n\n\n<p>Le <strong>meilleur choix d\u00e9pend de votre usage r\u00e9el<\/strong> : kilom\u00e9trage annuel, budget et type de trajets.<\/p>\n\n\n\n<h3 class=\"wp-block-heading\">\u26a1 <a href=\"https:\/\/www.luxauto.lu\/fr\/sale\/voiture?fuels[0]=electrique\">\u00c9lectrique<\/a><\/h3>\n\n\n\n<p>Id\u00e9al pour les <strong>trajets quotidiens courts \u00e0 moyens<\/strong>. Entretien r\u00e9duit et aides gouvernementales possibles.<\/p>\n\n\n\n<h3 class=\"wp-block-heading\">\ud83d\udd0b <a href=\"https:\/\/www.luxauto.lu\/fr\/sale\/voiture?fuels[0]=hybride\">Hybride HEV<\/a><\/h3>\n\n\n\n<p>Parfait pour la <strong>ville sans recharge<\/strong>. Bonne transition vers l\u2019\u00e9lectrique.<\/p>\n\n\n\n<h3 class=\"wp-block-heading\">\ud83d\udd0c <a href=\"https:\/\/www.luxauto.lu\/fr\/sale\/voiture?fuels[0]=hybride\">Hybride rechargeable<\/a><\/h3>\n\n\n\n<p>Polyvalent mais <strong>plus cher \u00e0 l\u2019achat<\/strong>.<\/p>\n\n\n\n<h3 class=\"wp-block-heading\">\u26fd <a href=\"https:\/\/www.luxauto.lu\/fr\/sale\/voiture?fuels[0]=essence\">Essence<\/a><\/h3>\n\n\n\n<p>La <strong>solution la plus \u00e9conomique \u00e0 l\u2019achat<\/strong> et la plus simple pour les petits budgets.<\/p>\n\n\n\n<h3 class=\"wp-block-heading\">\ud83d\udee3\ufe0f <a href=\"https:\/\/www.luxauto.lu\/fr\/sale\/voiture?fuels[0]=diesel\">Diesel<\/a><\/h3>\n\n\n\n<p>Pertinent pour les <strong>gros rouleurs et longs trajets<\/strong>.<\/p>\n\n\n\n<div style=\"height:15px\" aria-hidden=\"true\" class=\"wp-block-spacer\"><\/div>\n\n\n\n<hr class=\"wp-block-separator has-alpha-channel-opacity\"\/>\n\n\n\n<div style=\"height:15px\" aria-hidden=\"true\" class=\"wp-block-spacer\"><\/div>\n\n\n\n<h2 class=\"wp-block-heading\">Trouvez votre voiture au Luxembourg avec&nbsp;<a href=\"https:\/\/www.luxauto.lu\/fr\">Luxauto.lu<\/a><\/h2>\n\n\n\n<p>Que vous envisagiez l\u2019achat d\u2019une\u00a0<strong>voiture neuve<\/strong>, d\u2019une\u00a0<strong>occasion r\u00e9cente<\/strong>, d\u2019un\u00a0<strong>SUV<\/strong>, d\u2019un\u00a0<strong><a href=\"https:\/\/www.luxauto.lu\/fr\/sale\/voiture?fuels[0]=electrique\" target=\"_blank\" rel=\"noreferrer noopener\">mod\u00e8le \u00e9lectrique<\/a><\/strong>,\u00a0<strong><a href=\"https:\/\/www.luxauto.lu\/fr\/sale\/voiture?fuels[0]=hybride\" target=\"_blank\" rel=\"noreferrer noopener\">hybride<\/a><\/strong>, <a href=\"https:\/\/www.luxauto.lu\/fr\/sale\/voiture?fuels[0]=essence\">essence<\/a> ou <a href=\"https:\/\/www.luxauto.lu\/fr\/sale\/voiture?fuels[0]=diesel\">diesel<\/a>,\u00a0<strong>Luxauto.lu<\/strong>\u00a0centralise les offres des\u00a0<strong><a href=\"https:\/\/www.luxauto.lu\/fr\/sale\/voiture?sellerTypes=partenaire\" target=\"_blank\" rel=\"noreferrer noopener\">professionnels<\/a>\u00a0et\u00a0<a href=\"https:\/\/www.luxauto.lu\/fr\/sale\/voiture?sellerTypes=prive\" target=\"_blank\" rel=\"noreferrer noopener\">particuliers<\/a><\/strong>\u00a0du Grand-Duch\u00e9.<\/p>\n\n\n\n<p>\ud83d\udc49 Comparez les mod\u00e8les et trouvez facilement le v\u00e9hicule qui correspond \u00e0 vos attentes sur\u00a0<strong><a href=\"https:\/\/www.luxauto.lu\/fr\" target=\"_blank\" rel=\"noreferrer noopener\">Luxauto.lu<\/a><\/strong>, la plateforme automobile de r\u00e9f\u00e9rence au Luxembourg.<\/p>\n\n\n\n<div class=\"wp-block-buttons is-content-justification-center is-layout-flex wp-container-core-buttons-is-layout-a89b3969 wp-block-buttons-is-layout-flex\">\n<div class=\"wp-block-button is-style-outline is-style-outline--1\"><a class=\"wp-block-button__link has-luminous-vivid-amber-color has-text-color has-link-color has-text-align-center wp-element-button\" href=\"https:\/\/www.luxauto.lu\/fr\">Je d\u00e9couvre les meilleures offres sur Luxauto.lu <\/a><\/div>\n<\/div>\n\n\n\n<div style=\"height:30px\" aria-hidden=\"true\" class=\"wp-block-spacer\"><\/div>\n\n\n\n<p>*<em>Le comparatif s'est arr\u00eat\u00e9 sur les quinze marques ayant vendu le plus de voitures neuves entre le 1er janvier 2024 et le 31 d\u00e9cembre 2024 (selon la SNCA) au Luxembourg. Entre novembre et d\u00e9cembre 2025, l'ACL a consult\u00e9 les prix affich\u00e9s sur leurs sites internet luxembourgeois. Pour chaque motorisation, l'ACL a retenu le mod\u00e8le le moins cher de chaque marque, en se basant uniquement sur le prix de base, sans options, sans promotions ni offres sp\u00e9ciales. Les aides de l'\u00c9tat n'ont pas \u00e9t\u00e9 prises en compte.<\/em><\/p>\n","protected":false},"excerpt":{"rendered":"<p>\u23f1\ufe0f Temps de lecture : ~ 7 minutes Choisir la motorisation de sa voiture au Luxembourg est devenu plus complexe que jamais. Entre voiture \u00e9lectrique, hybride, hybride rechargeable (PHEV), essence et diesel, les options se multiplient et r\u00e9pondent \u00e0 des usages tr\u00e8s diff\u00e9rents. Pour vous aider \u00e0 faire le bon choix, nous avons analys\u00e9 une [&hellip;]<\/p>\n","protected":false},"author":26,"featured_media":17174,"comment_status":"closed","ping_status":"closed","sticky":true,"template":"","format":"standard","meta":{"footnotes":""},"categories":[3,234],"tags":[],"class_list":["post-17172","post","type-post","status-publish","format-standard","has-post-thumbnail","hentry","category-actualites","category-guide-d-achats"],"yoast_head":"<!-- This site is optimized with the Yoast SEO plugin v27.5 - https:\/\/yoast.com\/product\/yoast-seo-wordpress\/ -->\n<title>Quelle motorisation choisir au Luxembourg en 2026 ? - Luxauto.lu<\/title>\n<meta name=\"description\" content=\"Comparatif 2026 des voitures \u00e9lectriques, hybrides, essence et diesel au Luxembourg : prix, autonomie et mod\u00e8les d&#039;entr\u00e9e de gamme.\" \/>\n<meta name=\"robots\" content=\"index, follow, max-snippet:-1, max-image-preview:large, max-video-preview:-1\" \/>\n<link rel=\"canonical\" href=\"https:\/\/www.luxauto.lu\/blog\/en\/news\/car-engine-luxembourg-2026\/\" \/>\n<meta property=\"og:locale\" content=\"en_GB\" \/>\n<meta property=\"og:type\" content=\"article\" \/>\n<meta property=\"og:title\" content=\"Quelle motorisation choisir au Luxembourg en 2026 ? - Luxauto.lu\" \/>\n<meta property=\"og:description\" content=\"Comparatif 2026 des voitures \u00e9lectriques, hybrides, essence et diesel au Luxembourg : prix, autonomie et mod\u00e8les d&#039;entr\u00e9e de gamme.\" \/>\n<meta property=\"og:url\" content=\"https:\/\/www.luxauto.lu\/blog\/en\/news\/car-engine-luxembourg-2026\/\" \/>\n<meta property=\"og:site_name\" content=\"Luxauto.lu\" \/>\n<meta property=\"article:publisher\" content=\"https:\/\/www.facebook.com\/luxauto\/\" \/>\n<meta property=\"article:published_time\" content=\"2026-03-12T16:35:55+00:00\" \/>\n<meta property=\"article:modified_time\" content=\"2026-04-15T09:21:09+00:00\" \/>\n<meta property=\"og:image\" content=\"https:\/\/www.luxauto.lu\/blog\/wp-content\/uploads\/2026\/03\/iStock-2246014198-scaled.jpg\" \/>\n\t<meta property=\"og:image:width\" content=\"2560\" \/>\n\t<meta property=\"og:image:height\" content=\"1919\" \/>\n\t<meta property=\"og:image:type\" content=\"image\/jpeg\" \/>\n<meta name=\"author\" content=\"Teo Fernandez\" \/>\n<meta name=\"twitter:card\" content=\"summary_large_image\" \/>\n<meta name=\"twitter:label1\" content=\"Written by\" \/>\n\t<meta name=\"twitter:data1\" content=\"Teo Fernandez\" \/>\n\t<meta name=\"twitter:label2\" content=\"Estimated reading time\" \/>\n\t<meta name=\"twitter:data2\" content=\"7 minutes\" \/>\n<script type=\"application\/ld+json\" class=\"yoast-schema-graph\">{\"@context\":\"https:\\\/\\\/schema.org\",\"@graph\":[{\"@type\":\"Article\",\"@id\":\"https:\\\/\\\/www.luxauto.lu\\\/blog\\\/actualites\\\/motorisation-voiture-luxembourg-2026\\\/#article\",\"isPartOf\":{\"@id\":\"https:\\\/\\\/www.luxauto.lu\\\/blog\\\/actualites\\\/motorisation-voiture-luxembourg-2026\\\/\"},\"author\":{\"name\":\"Teo Fernandez\",\"@id\":\"https:\\\/\\\/www.luxauto.lu\\\/blog\\\/#\\\/schema\\\/person\\\/3bc9732c0945b22ca2d533ce59aba393\"},\"headline\":\"Quelle motorisation choisir au Luxembourg en 2026 ?\",\"datePublished\":\"2026-03-12T16:35:55+00:00\",\"dateModified\":\"2026-04-15T09:21:09+00:00\",\"mainEntityOfPage\":{\"@id\":\"https:\\\/\\\/www.luxauto.lu\\\/blog\\\/actualites\\\/motorisation-voiture-luxembourg-2026\\\/\"},\"wordCount\":1151,\"image\":{\"@id\":\"https:\\\/\\\/www.luxauto.lu\\\/blog\\\/actualites\\\/motorisation-voiture-luxembourg-2026\\\/#primaryimage\"},\"thumbnailUrl\":\"https:\\\/\\\/www.luxauto.lu\\\/blog\\\/wp-content\\\/uploads\\\/2026\\\/03\\\/iStock-2246014198-scaled.jpg\",\"articleSection\":[\"Actualit\u00e9s\",\"Guide d'achats\"],\"inLanguage\":\"en-GB\"},{\"@type\":\"WebPage\",\"@id\":\"https:\\\/\\\/www.luxauto.lu\\\/blog\\\/actualites\\\/motorisation-voiture-luxembourg-2026\\\/\",\"url\":\"https:\\\/\\\/www.luxauto.lu\\\/blog\\\/actualites\\\/motorisation-voiture-luxembourg-2026\\\/\",\"name\":\"Quelle motorisation choisir au Luxembourg en 2026 ? - Luxauto.lu\",\"isPartOf\":{\"@id\":\"https:\\\/\\\/www.luxauto.lu\\\/blog\\\/#website\"},\"primaryImageOfPage\":{\"@id\":\"https:\\\/\\\/www.luxauto.lu\\\/blog\\\/actualites\\\/motorisation-voiture-luxembourg-2026\\\/#primaryimage\"},\"image\":{\"@id\":\"https:\\\/\\\/www.luxauto.lu\\\/blog\\\/actualites\\\/motorisation-voiture-luxembourg-2026\\\/#primaryimage\"},\"thumbnailUrl\":\"https:\\\/\\\/www.luxauto.lu\\\/blog\\\/wp-content\\\/uploads\\\/2026\\\/03\\\/iStock-2246014198-scaled.jpg\",\"datePublished\":\"2026-03-12T16:35:55+00:00\",\"dateModified\":\"2026-04-15T09:21:09+00:00\",\"author\":{\"@id\":\"https:\\\/\\\/www.luxauto.lu\\\/blog\\\/#\\\/schema\\\/person\\\/3bc9732c0945b22ca2d533ce59aba393\"},\"description\":\"Comparatif 2026 des voitures \u00e9lectriques, hybrides, essence et diesel au Luxembourg : prix, autonomie et mod\u00e8les d'entr\u00e9e de gamme.\",\"breadcrumb\":{\"@id\":\"https:\\\/\\\/www.luxauto.lu\\\/blog\\\/actualites\\\/motorisation-voiture-luxembourg-2026\\\/#breadcrumb\"},\"inLanguage\":\"en-GB\",\"potentialAction\":[{\"@type\":\"ReadAction\",\"target\":[\"https:\\\/\\\/www.luxauto.lu\\\/blog\\\/actualites\\\/motorisation-voiture-luxembourg-2026\\\/\"]}]},{\"@type\":\"ImageObject\",\"inLanguage\":\"en-GB\",\"@id\":\"https:\\\/\\\/www.luxauto.lu\\\/blog\\\/actualites\\\/motorisation-voiture-luxembourg-2026\\\/#primaryimage\",\"url\":\"https:\\\/\\\/www.luxauto.lu\\\/blog\\\/wp-content\\\/uploads\\\/2026\\\/03\\\/iStock-2246014198-scaled.jpg\",\"contentUrl\":\"https:\\\/\\\/www.luxauto.lu\\\/blog\\\/wp-content\\\/uploads\\\/2026\\\/03\\\/iStock-2246014198-scaled.jpg\",\"width\":2560,\"height\":1919,\"caption\":\"Aerial View of Cars Undergoing Various Technical Tests at Night\"},{\"@type\":\"BreadcrumbList\",\"@id\":\"https:\\\/\\\/www.luxauto.lu\\\/blog\\\/actualites\\\/motorisation-voiture-luxembourg-2026\\\/#breadcrumb\",\"itemListElement\":[{\"@type\":\"ListItem\",\"position\":1,\"name\":\"Accueil\",\"item\":\"https:\\\/\\\/www.luxauto.lu\\\/blog\\\/\"},{\"@type\":\"ListItem\",\"position\":2,\"name\":\"Actualit\u00e9s\",\"item\":\"https:\\\/\\\/www.luxauto.lu\\\/blog\\\/category\\\/actualites\\\/\"},{\"@type\":\"ListItem\",\"position\":3,\"name\":\"Quelle motorisation choisir au Luxembourg en 2026 ?\"}]},{\"@type\":\"WebSite\",\"@id\":\"https:\\\/\\\/www.luxauto.lu\\\/blog\\\/#website\",\"url\":\"https:\\\/\\\/www.luxauto.lu\\\/blog\\\/\",\"name\":\"Luxauto.lu\",\"description\":\"N\u00b01 du neuf et de l\u2019occasion Autos \\\/ Motos au Luxembourg\",\"potentialAction\":[{\"@type\":\"SearchAction\",\"target\":{\"@type\":\"EntryPoint\",\"urlTemplate\":\"https:\\\/\\\/www.luxauto.lu\\\/blog\\\/?s={search_term_string}\"},\"query-input\":{\"@type\":\"PropertyValueSpecification\",\"valueRequired\":true,\"valueName\":\"search_term_string\"}}],\"inLanguage\":\"en-GB\"},{\"@type\":\"Person\",\"@id\":\"https:\\\/\\\/www.luxauto.lu\\\/blog\\\/#\\\/schema\\\/person\\\/3bc9732c0945b22ca2d533ce59aba393\",\"name\":\"Teo Fernandez\",\"image\":{\"@type\":\"ImageObject\",\"inLanguage\":\"en-GB\",\"@id\":\"https:\\\/\\\/secure.gravatar.com\\\/avatar\\\/4bf5ba32c734c5e27e2e3965916d4d6e9305356b92b0588986ca5f39438d1fde?s=96&d=mm&r=g\",\"url\":\"https:\\\/\\\/secure.gravatar.com\\\/avatar\\\/4bf5ba32c734c5e27e2e3965916d4d6e9305356b92b0588986ca5f39438d1fde?s=96&d=mm&r=g\",\"contentUrl\":\"https:\\\/\\\/secure.gravatar.com\\\/avatar\\\/4bf5ba32c734c5e27e2e3965916d4d6e9305356b92b0588986ca5f39438d1fde?s=96&d=mm&r=g\",\"caption\":\"Teo Fernandez\"}}]}<\/script>\n<!-- \/ Yoast SEO plugin. -->","yoast_head_json":{"title":"Which engine to choose in Luxembourg in 2026? - Luxauto.lu","description":"2026 comparison of electric, hybrid, petrol and diesel cars in Luxembourg: prices, range and entry-level models.","robots":{"index":"index","follow":"follow","max-snippet":"max-snippet:-1","max-image-preview":"max-image-preview:large","max-video-preview":"max-video-preview:-1"},"canonical":"https:\/\/www.luxauto.lu\/blog\/en\/news\/car-engine-luxembourg-2026\/","og_locale":"en_GB","og_type":"article","og_title":"Quelle motorisation choisir au Luxembourg en 2026 ? - Luxauto.lu","og_description":"Comparatif 2026 des voitures \u00e9lectriques, hybrides, essence et diesel au Luxembourg : prix, autonomie et mod\u00e8les d'entr\u00e9e de gamme.","og_url":"https:\/\/www.luxauto.lu\/blog\/en\/news\/car-engine-luxembourg-2026\/","og_site_name":"Luxauto.lu","article_publisher":"https:\/\/www.facebook.com\/luxauto\/","article_published_time":"2026-03-12T16:35:55+00:00","article_modified_time":"2026-04-15T09:21:09+00:00","og_image":[{"width":2560,"height":1919,"url":"https:\/\/www.luxauto.lu\/blog\/wp-content\/uploads\/2026\/03\/iStock-2246014198-scaled.jpg","type":"image\/jpeg"}],"author":"Teo Fernandez","twitter_card":"summary_large_image","twitter_misc":{"Written by":"Teo Fernandez","Estimated reading time":"7 minutes"},"schema":{"@context":"https:\/\/schema.org","@graph":[{"@type":"Article","@id":"https:\/\/www.luxauto.lu\/blog\/actualites\/motorisation-voiture-luxembourg-2026\/#article","isPartOf":{"@id":"https:\/\/www.luxauto.lu\/blog\/actualites\/motorisation-voiture-luxembourg-2026\/"},"author":{"name":"Teo Fernandez","@id":"https:\/\/www.luxauto.lu\/blog\/#\/schema\/person\/3bc9732c0945b22ca2d533ce59aba393"},"headline":"Quelle motorisation choisir au Luxembourg en 2026 ?","datePublished":"2026-03-12T16:35:55+00:00","dateModified":"2026-04-15T09:21:09+00:00","mainEntityOfPage":{"@id":"https:\/\/www.luxauto.lu\/blog\/actualites\/motorisation-voiture-luxembourg-2026\/"},"wordCount":1151,"image":{"@id":"https:\/\/www.luxauto.lu\/blog\/actualites\/motorisation-voiture-luxembourg-2026\/#primaryimage"},"thumbnailUrl":"https:\/\/www.luxauto.lu\/blog\/wp-content\/uploads\/2026\/03\/iStock-2246014198-scaled.jpg","articleSection":["Actualit\u00e9s","Guide d'achats"],"inLanguage":"en-GB"},{"@type":"WebPage","@id":"https:\/\/www.luxauto.lu\/blog\/actualites\/motorisation-voiture-luxembourg-2026\/","url":"https:\/\/www.luxauto.lu\/blog\/actualites\/motorisation-voiture-luxembourg-2026\/","name":"Which engine to choose in Luxembourg in 2026? - Luxauto.lu","isPartOf":{"@id":"https:\/\/www.luxauto.lu\/blog\/#website"},"primaryImageOfPage":{"@id":"https:\/\/www.luxauto.lu\/blog\/actualites\/motorisation-voiture-luxembourg-2026\/#primaryimage"},"image":{"@id":"https:\/\/www.luxauto.lu\/blog\/actualites\/motorisation-voiture-luxembourg-2026\/#primaryimage"},"thumbnailUrl":"https:\/\/www.luxauto.lu\/blog\/wp-content\/uploads\/2026\/03\/iStock-2246014198-scaled.jpg","datePublished":"2026-03-12T16:35:55+00:00","dateModified":"2026-04-15T09:21:09+00:00","author":{"@id":"https:\/\/www.luxauto.lu\/blog\/#\/schema\/person\/3bc9732c0945b22ca2d533ce59aba393"},"description":"2026 comparison of electric, hybrid, petrol and diesel cars in Luxembourg: prices, range and entry-level models.","breadcrumb":{"@id":"https:\/\/www.luxauto.lu\/blog\/actualites\/motorisation-voiture-luxembourg-2026\/#breadcrumb"},"inLanguage":"en-GB","potentialAction":[{"@type":"ReadAction","target":["https:\/\/www.luxauto.lu\/blog\/actualites\/motorisation-voiture-luxembourg-2026\/"]}]},{"@type":"ImageObject","inLanguage":"en-GB","@id":"https:\/\/www.luxauto.lu\/blog\/actualites\/motorisation-voiture-luxembourg-2026\/#primaryimage","url":"https:\/\/www.luxauto.lu\/blog\/wp-content\/uploads\/2026\/03\/iStock-2246014198-scaled.jpg","contentUrl":"https:\/\/www.luxauto.lu\/blog\/wp-content\/uploads\/2026\/03\/iStock-2246014198-scaled.jpg","width":2560,"height":1919,"caption":"Aerial View of Cars Undergoing Various Technical Tests at Night"},{"@type":"BreadcrumbList","@id":"https:\/\/www.luxauto.lu\/blog\/actualites\/motorisation-voiture-luxembourg-2026\/#breadcrumb","itemListElement":[{"@type":"ListItem","position":1,"name":"Accueil","item":"https:\/\/www.luxauto.lu\/blog\/"},{"@type":"ListItem","position":2,"name":"Actualit\u00e9s","item":"https:\/\/www.luxauto.lu\/blog\/category\/actualites\/"},{"@type":"ListItem","position":3,"name":"Quelle motorisation choisir au Luxembourg en 2026 ?"}]},{"@type":"WebSite","@id":"https:\/\/www.luxauto.lu\/blog\/#website","url":"https:\/\/www.luxauto.lu\/blog\/","name":"Luxauto.lu","description":"No. 1 for new and used cars and motorbikes in Luxembourg","potentialAction":[{"@type":"SearchAction","target":{"@type":"EntryPoint","urlTemplate":"https:\/\/www.luxauto.lu\/blog\/?s={search_term_string}"},"query-input":{"@type":"PropertyValueSpecification","valueRequired":true,"valueName":"search_term_string"}}],"inLanguage":"en-GB"},{"@type":"Person","@id":"https:\/\/www.luxauto.lu\/blog\/#\/schema\/person\/3bc9732c0945b22ca2d533ce59aba393","name":"Teo Fernandez","image":{"@type":"ImageObject","inLanguage":"en-GB","@id":"https:\/\/secure.gravatar.com\/avatar\/4bf5ba32c734c5e27e2e3965916d4d6e9305356b92b0588986ca5f39438d1fde?s=96&d=mm&r=g","url":"https:\/\/secure.gravatar.com\/avatar\/4bf5ba32c734c5e27e2e3965916d4d6e9305356b92b0588986ca5f39438d1fde?s=96&d=mm&r=g","contentUrl":"https:\/\/secure.gravatar.com\/avatar\/4bf5ba32c734c5e27e2e3965916d4d6e9305356b92b0588986ca5f39438d1fde?s=96&d=mm&r=g","caption":"Teo Fernandez"}}]}},"featured_media_src_url":"https:\/\/www.luxauto.lu\/blog\/wp-content\/uploads\/2026\/03\/iStock-2246014198-1024x768.jpg","_links":{"self":[{"href":"https:\/\/www.luxauto.lu\/blog\/en\/wp-json\/wp\/v2\/posts\/17172","targetHints":{"allow":["GET"]}}],"collection":[{"href":"https:\/\/www.luxauto.lu\/blog\/en\/wp-json\/wp\/v2\/posts"}],"about":[{"href":"https:\/\/www.luxauto.lu\/blog\/en\/wp-json\/wp\/v2\/types\/post"}],"author":[{"embeddable":true,"href":"https:\/\/www.luxauto.lu\/blog\/en\/wp-json\/wp\/v2\/users\/26"}],"replies":[{"embeddable":true,"href":"https:\/\/www.luxauto.lu\/blog\/en\/wp-json\/wp\/v2\/comments?post=17172"}],"version-history":[{"count":24,"href":"https:\/\/www.luxauto.lu\/blog\/en\/wp-json\/wp\/v2\/posts\/17172\/revisions"}],"predecessor-version":[{"id":17200,"href":"https:\/\/www.luxauto.lu\/blog\/en\/wp-json\/wp\/v2\/posts\/17172\/revisions\/17200"}],"wp:featuredmedia":[{"embeddable":true,"href":"https:\/\/www.luxauto.lu\/blog\/en\/wp-json\/wp\/v2\/media\/17174"}],"wp:attachment":[{"href":"https:\/\/www.luxauto.lu\/blog\/en\/wp-json\/wp\/v2\/media?parent=17172"}],"wp:term":[{"taxonomy":"category","embeddable":true,"href":"https:\/\/www.luxauto.lu\/blog\/en\/wp-json\/wp\/v2\/categories?post=17172"},{"taxonomy":"post_tag","embeddable":true,"href":"https:\/\/www.luxauto.lu\/blog\/en\/wp-json\/wp\/v2\/tags?post=17172"}],"curies":[{"name":"wp","href":"https:\/\/api.w.org\/{rel}","templated":true}]}}